{"id":3761,"date":"2025-01-30T13:23:20","date_gmt":"2025-01-30T16:23:20","guid":{"rendered":"https:\/\/www.lac.com.ar\/website\/?p=3761"},"modified":"2025-01-30T13:36:33","modified_gmt":"2025-01-30T16:36:33","slug":"encuentro-de-estrategias-y-objetivos-2025","status":"publish","type":"post","link":"https:\/\/www.lac.com.ar\/website\/?p=3761","title":{"rendered":"Encuentro de Estrategias y Objetivos 2025"},"content":{"rendered":"<p>A comienzos de enero, ejecutivos de todas las unidades de negocios, sus colaboradores directos, y de la direcci\u00f3n general, participaron de este encuentro con el objetivo de presentar y compartir las metas de trabajo de cada \u00e1rea para este a\u00f1o que reci\u00e9n inicia.<\/p>\n<p><span class=\"TextRun SCXW136083748 BCX0\" lang=\"ES-ES\" xml:lang=\"ES-ES\" data-contrast=\"auto\"><span class=\"NormalTextRun SCXW136083748 BCX0\">En la apertura, nuestro CEO <\/span><span class=\"NormalTextRun SCXW136083748 BCX0\"><strong>Sr. Carlos <\/strong><\/span><strong><span class=\"NormalTextRun SpellingErrorV2Themed SCXW136083748 BCX0\">Imberti<\/span><\/strong><span class=\"NormalTextRun SCXW136083748 BCX0\">, destac\u00f3 la importancia <\/span><span class=\"NormalTextRun SCXW136083748 BCX0\">de planificar y brindar soluciones productivas, reforzando la idea de que todos deben <em>\u201chacerse due\u00f1os\u201d<\/em> de los procesos en los que participan.<\/span><\/span><\/p>\n<p>En coherencia con ese concepto, 55 representantes de los mandos medios de todas las unidades operativas y de servicios, trabajaron juntos para definir nuestros nuevos objetivos anuales y c\u00f3mo llegar a ellos, conscientes de que la eficiencia y el trabajo en equipo es esencial para el \u00e9xito.<\/p>\n<p><span class=\"TextRun SCXW136083748 BCX0\" lang=\"ES-ES\" xml:lang=\"ES-ES\" data-contrast=\"auto\"><span class=\"NormalTextRun SCXW136083748 BCX0\">En el cierre del encuentro de trabajo, el <strong>Sr Luis Carrizo<\/strong> se sum\u00f3 en brindarle un alto valor positivo<\/span><span class=\"NormalTextRun SCXW136083748 BCX0\"> a la labor conjunta,\u00a0 y agreg\u00f3 el desaf\u00edo de enfocarse en ganar eficiencia en cada lugar donde haya un representante de LAC.<\/span><\/span><span class=\"EOP SCXW136083748 BCX0\" data-ccp-props=\"{}\">\u00a0<\/span><\/p>\n<p>\u00a1Un a\u00f1o 2025 lleno de oportunidades nos espera!<\/p>\n<p><iframe loading=\"lazy\" title=\"Encuentro Estrategias y Objetivos LocOff\" width=\"500\" height=\"281\" src=\"https:\/\/www.youtube.com\/embed\/01KPBYzq6BU?feature=oembed\" frameborder=\"0\" allow=\"accelerometer; autoplay; clipboard-write; encrypted-media; gyroscope; picture-in-picture; web-share\" referrerpolicy=\"strict-origin-when-cross-origin\" allowfullscreen><\/iframe><\/p>\n<p><em>Grupo LAC<\/em><\/p>\n<p>&nbsp;<\/p>\n<p>&nbsp;<\/p>\n<p>&nbsp;<\/p>\n<p><span class=\"EOP SCXW136083748 BCX0\" data-ccp-props=\"{}\">\u00a0<\/span><\/p>\n","protected":false},"excerpt":{"rendered":"<p>A comienzos de enero, ejecutivos de todas las unidades de negocios, sus colaboradores directos, y de la direcci\u00f3n general, participaron de este encuentro con el objetivo de presentar y compartir las metas de trabajo de cada \u00e1rea para este a\u00f1o que reci\u00e9n inicia. En la apertura, nuestro CEO Sr. Carlos Imberti, destac\u00f3 la importancia de [&hellip;]<\/p>\n","protected":false},"author":2,"featured_media":3762,"comment_status":"closed","ping_status":"closed","sticky":false,"template":"","format":"standard","meta":{"_acf_changed":false,"footnotes":""},"categories":[1],"tags":[],"class_list":["post-3761","post","type-post","status-publish","format-standard","has-post-thumbnail","hentry","category-novedades"],"acf":[],"_links":{"self":[{"href":"https:\/\/www.lac.com.ar\/website\/index.php?rest_route=\/wp\/v2\/posts\/3761","targetHints":{"allow":["GET"]}}],"collection":[{"href":"https:\/\/www.lac.com.ar\/website\/index.php?rest_route=\/wp\/v2\/posts"}],"about":[{"href":"https:\/\/www.lac.com.ar\/website\/index.php?rest_route=\/wp\/v2\/types\/post"}],"author":[{"embeddable":true,"href":"https:\/\/www.lac.com.ar\/website\/index.php?rest_route=\/wp\/v2\/users\/2"}],"replies":[{"embeddable":true,"href":"https:\/\/www.lac.com.ar\/website\/index.php?rest_route=%2Fwp%2Fv2%2Fcomments&post=3761"}],"version-history":[{"count":5,"href":"https:\/\/www.lac.com.ar\/website\/index.php?rest_route=\/wp\/v2\/posts\/3761\/revisions"}],"predecessor-version":[{"id":3768,"href":"https:\/\/www.lac.com.ar\/website\/index.php?rest_route=\/wp\/v2\/posts\/3761\/revisions\/3768"}],"wp:featuredmedia":[{"embeddable":true,"href":"https:\/\/www.lac.com.ar\/website\/index.php?rest_route=\/wp\/v2\/media\/3762"}],"wp:attachment":[{"href":"https:\/\/www.lac.com.ar\/website\/index.php?rest_route=%2Fwp%2Fv2%2Fmedia&parent=3761"}],"wp:term":[{"taxonomy":"category","embeddable":true,"href":"https:\/\/www.lac.com.ar\/website\/index.php?rest_route=%2Fwp%2Fv2%2Fcategories&post=3761"},{"taxonomy":"post_tag","embeddable":true,"href":"https:\/\/www.lac.com.ar\/website\/index.php?rest_route=%2Fwp%2Fv2%2Ftags&post=3761"}],"curies":[{"name":"wp","href":"https:\/\/api.w.org\/{rel}","templated":true}]}}