{"id":1955,"date":"2018-09-24T13:05:42","date_gmt":"2018-09-24T16:05:42","guid":{"rendered":"http:\/\/www.lac.com.ar\/website\/?p=1955"},"modified":"2018-09-27T11:29:21","modified_gmt":"2018-09-27T14:29:21","slug":"lac-se-suma-a-ypf-en-la-incorporacion-de-bitrenes","status":"publish","type":"post","link":"https:\/\/www.lac.com.ar\/website\/?p=1955","title":{"rendered":"LAC se suma a YPF en la incorporaci\u00f3n de bitrenes"},"content":{"rendered":"<p><em>La unidad de negocio LAC Log\u00edstica y Transporte adquiri\u00f3 dos unidades que comenzar\u00e1n a operar pr\u00f3ximamente.<\/em><\/p>\n<p>Nuestra empresa contin\u00faa innovando en el transporte de combustibles con el objetivo de aumentar la eficiencia del servicio y como parte de nuestro compromiso con la seguridad vial. Es por eso que recientemente se adquirieron dos bitrenes, veh\u00edculos de fabricaci\u00f3n nacional y de alta tecnolog\u00eda que reducen en un 25 por ciento el consumo de combustible por metro c\u00fabico transportado, y que generan casi un 45 por ciento menos de emisiones al medio ambiente, lo que los transforma en unidades de transporte sustentables.<\/p>\n\n\t\t<style type=\"text\/css\">\n\t\t\t#gallery-1 {\n\t\t\t\tmargin: auto;\n\t\t\t}\n\t\t\t#gallery-1 .gallery-item {\n\t\t\t\tfloat: left;\n\t\t\t\tmargin-top: 10px;\n\t\t\t\ttext-align: center;\n\t\t\t\twidth: 100%;\n\t\t\t}\n\t\t\t#gallery-1 img {\n\t\t\t\tborder: 2px solid #cfcfcf;\n\t\t\t}\n\t\t\t#gallery-1 .gallery-caption {\n\t\t\t\tmargin-left: 0;\n\t\t\t}\n\t\t\t\/* see gallery_shortcode() in wp-includes\/media.php *\/\n\t\t<\/style>\n\t\t<div id='gallery-1' class='gallery galleryid-1955 gallery-columns-1 gallery-size-full'><dl class='gallery-item'>\n\t\t\t<dt class='gallery-icon landscape'>\n\t\t\t\t<a href='https:\/\/www.lac.com.ar\/website\/?attachment_id=1971'><img loading=\"lazy\" decoding=\"async\" width=\"770\" height=\"460\" src=\"https:\/\/www.lac.com.ar\/website\/wp-content\/uploads\/2018\/09\/bitrenes.jpeg\" class=\"attachment-full size-full\" alt=\"\" srcset=\"https:\/\/www.lac.com.ar\/website\/wp-content\/uploads\/2018\/09\/bitrenes.jpeg 770w, https:\/\/www.lac.com.ar\/website\/wp-content\/uploads\/2018\/09\/bitrenes-768x459.jpeg 768w\" sizes=\"auto, (max-width: 770px) 100vw, 770px\" \/><\/a>\n\t\t\t<\/dt><\/dl><br style=\"clear: both\" \/>\n\t\t<\/div>\n\n<p>Los bitrenes adquiridos de 75 y 60 toneladas, poseen una capacidad de carga de 63.000 litros y 51.000\u00a0litros respectivamente; y comenzar\u00e1n a transportar combustibles en breve.<\/p>\n\n\t\t<style type=\"text\/css\">\n\t\t\t#gallery-2 {\n\t\t\t\tmargin: auto;\n\t\t\t}\n\t\t\t#gallery-2 .gallery-item {\n\t\t\t\tfloat: left;\n\t\t\t\tmargin-top: 10px;\n\t\t\t\ttext-align: center;\n\t\t\t\twidth: 100%;\n\t\t\t}\n\t\t\t#gallery-2 img {\n\t\t\t\tborder: 2px solid #cfcfcf;\n\t\t\t}\n\t\t\t#gallery-2 .gallery-caption {\n\t\t\t\tmargin-left: 0;\n\t\t\t}\n\t\t\t\/* see gallery_shortcode() in wp-includes\/media.php *\/\n\t\t<\/style>\n\t\t<div id='gallery-2' class='gallery galleryid-1955 gallery-columns-1 gallery-size-full'><dl class='gallery-item'>\n\t\t\t<dt class='gallery-icon landscape'>\n\t\t\t\t<a href='https:\/\/www.lac.com.ar\/website\/?attachment_id=1957'><img loading=\"lazy\" decoding=\"async\" width=\"770\" height=\"513\" src=\"https:\/\/www.lac.com.ar\/website\/wp-content\/uploads\/2018\/09\/2018-08-30_Bitrenes_DD23097.jpg\" class=\"attachment-full size-full\" alt=\"\" srcset=\"https:\/\/www.lac.com.ar\/website\/wp-content\/uploads\/2018\/09\/2018-08-30_Bitrenes_DD23097.jpg 770w, https:\/\/www.lac.com.ar\/website\/wp-content\/uploads\/2018\/09\/2018-08-30_Bitrenes_DD23097-768x512.jpg 768w\" sizes=\"auto, (max-width: 770px) 100vw, 770px\" \/><\/a>\n\t\t\t<\/dt><\/dl><br style=\"clear: both\" \/>\n\t\t<\/div>\n\n<p>Recordamos que el Gobierno Nacional autoriz\u00f3 la circulaci\u00f3n de bitrenes en 15.000 kil\u00f3metros\u00a0de red vial nacional a trav\u00e9s de la nueva reglamentaci\u00f3n de la Ley de Tr\u00e1nsito, para aumentar la productividad y mejorar la seguridad en las rutas del pa\u00eds. C\u00f3rdoba es una de las 17 provincias que se encuentran en proceso de adhesi\u00f3n.<\/p>\n<p>Los corredores especiales se habilitar\u00e1n a lo largo del pa\u00eds para los bitrenes de 63.000 litros, ya que los de 51.000 litros podr\u00e1n\u00a0circular por\u00a0las rutas habituales de LAC.<\/p>\n\n\t\t<style type=\"text\/css\">\n\t\t\t#gallery-3 {\n\t\t\t\tmargin: auto;\n\t\t\t}\n\t\t\t#gallery-3 .gallery-item {\n\t\t\t\tfloat: left;\n\t\t\t\tmargin-top: 10px;\n\t\t\t\ttext-align: center;\n\t\t\t\twidth: 100%;\n\t\t\t}\n\t\t\t#gallery-3 img {\n\t\t\t\tborder: 2px solid #cfcfcf;\n\t\t\t}\n\t\t\t#gallery-3 .gallery-caption {\n\t\t\t\tmargin-left: 0;\n\t\t\t}\n\t\t\t\/* see gallery_shortcode() in wp-includes\/media.php *\/\n\t\t<\/style>\n\t\t<div id='gallery-3' class='gallery galleryid-1955 gallery-columns-1 gallery-size-full'><dl class='gallery-item'>\n\t\t\t<dt class='gallery-icon landscape'>\n\t\t\t\t<a href='https:\/\/www.lac.com.ar\/website\/?attachment_id=1958'><img loading=\"lazy\" decoding=\"async\" width=\"770\" height=\"510\" src=\"https:\/\/www.lac.com.ar\/website\/wp-content\/uploads\/2018\/09\/2018-08-30_Bitrenes_DD23049.jpg\" class=\"attachment-full size-full\" alt=\"\" srcset=\"https:\/\/www.lac.com.ar\/website\/wp-content\/uploads\/2018\/09\/2018-08-30_Bitrenes_DD23049.jpg 770w, https:\/\/www.lac.com.ar\/website\/wp-content\/uploads\/2018\/09\/2018-08-30_Bitrenes_DD23049-768x509.jpg 768w\" sizes=\"auto, (max-width: 770px) 100vw, 770px\" \/><\/a>\n\t\t\t<\/dt><\/dl><br style=\"clear: both\" \/>\n\t\t<\/div>\n\n<p>Las nuevas unidades incorporadas por LAC funcionar\u00e1n durante tres meses a modo de testeo en corredores provisorios, hasta la asignaci\u00f3n de las rutas definitivas<\/p>\n\n\t\t<style type=\"text\/css\">\n\t\t\t#gallery-4 {\n\t\t\t\tmargin: auto;\n\t\t\t}\n\t\t\t#gallery-4 .gallery-item {\n\t\t\t\tfloat: left;\n\t\t\t\tmargin-top: 10px;\n\t\t\t\ttext-align: center;\n\t\t\t\twidth: 100%;\n\t\t\t}\n\t\t\t#gallery-4 img {\n\t\t\t\tborder: 2px solid #cfcfcf;\n\t\t\t}\n\t\t\t#gallery-4 .gallery-caption {\n\t\t\t\tmargin-left: 0;\n\t\t\t}\n\t\t\t\/* see gallery_shortcode() in wp-includes\/media.php *\/\n\t\t<\/style>\n\t\t<div id='gallery-4' class='gallery galleryid-1955 gallery-columns-1 gallery-size-full'><dl class='gallery-item'>\n\t\t\t<dt class='gallery-icon landscape'>\n\t\t\t\t<a href='https:\/\/www.lac.com.ar\/website\/?attachment_id=1959'><img loading=\"lazy\" decoding=\"async\" width=\"770\" height=\"510\" src=\"https:\/\/www.lac.com.ar\/website\/wp-content\/uploads\/2018\/09\/2018-08-30_Bitrenes_DD23070.jpg\" class=\"attachment-full size-full\" alt=\"\" srcset=\"https:\/\/www.lac.com.ar\/website\/wp-content\/uploads\/2018\/09\/2018-08-30_Bitrenes_DD23070.jpg 770w, https:\/\/www.lac.com.ar\/website\/wp-content\/uploads\/2018\/09\/2018-08-30_Bitrenes_DD23070-768x509.jpg 768w\" sizes=\"auto, (max-width: 770px) 100vw, 770px\" \/><\/a>\n\t\t\t<\/dt><\/dl><br style=\"clear: both\" \/>\n\t\t<\/div>\n\n<p>Estos veh\u00edculos cuentan con la \u00faltima tecnolog\u00eda en materia de frenos y control de estabilidad. Adem\u00e1s poseen un sistema de GPS vinculado con c\u00e1mara inteligente de ayuda a la conducci\u00f3n y dispositivos de alerta de somnolencia y distracci\u00f3n; caracter\u00edsticas que constituyen un gran aporte para la seguridad vial.<\/p>\n\n\t\t<style type=\"text\/css\">\n\t\t\t#gallery-5 {\n\t\t\t\tmargin: auto;\n\t\t\t}\n\t\t\t#gallery-5 .gallery-item {\n\t\t\t\tfloat: left;\n\t\t\t\tmargin-top: 10px;\n\t\t\t\ttext-align: center;\n\t\t\t\twidth: 100%;\n\t\t\t}\n\t\t\t#gallery-5 img {\n\t\t\t\tborder: 2px solid #cfcfcf;\n\t\t\t}\n\t\t\t#gallery-5 .gallery-caption {\n\t\t\t\tmargin-left: 0;\n\t\t\t}\n\t\t\t\/* see gallery_shortcode() in wp-includes\/media.php *\/\n\t\t<\/style>\n\t\t<div id='gallery-5' class='gallery galleryid-1955 gallery-columns-1 gallery-size-full'><dl class='gallery-item'>\n\t\t\t<dt class='gallery-icon landscape'>\n\t\t\t\t<a href='https:\/\/www.lac.com.ar\/website\/?attachment_id=1968'><img loading=\"lazy\" decoding=\"async\" width=\"770\" height=\"460\" src=\"https:\/\/www.lac.com.ar\/website\/wp-content\/uploads\/2018\/09\/2018-08-30_Bitrenes_DD23078.jpg\" class=\"attachment-full size-full\" alt=\"\" srcset=\"https:\/\/www.lac.com.ar\/website\/wp-content\/uploads\/2018\/09\/2018-08-30_Bitrenes_DD23078.jpg 770w, https:\/\/www.lac.com.ar\/website\/wp-content\/uploads\/2018\/09\/2018-08-30_Bitrenes_DD23078-768x459.jpg 768w\" sizes=\"auto, (max-width: 770px) 100vw, 770px\" \/><\/a>\n\t\t\t<\/dt><\/dl><br style=\"clear: both\" \/>\n\t\t<\/div>\n\n<p>De esta manera, LAC acompa\u00f1a la pol\u00edtica de transporte de YPF a trav\u00e9s de la incorporaci\u00f3n de veh\u00edculos m\u00e1s sustentables, eficientes y seguros.<\/p>\n<p><iframe loading=\"lazy\" title=\"Bitrenes de LAC Log\u00edstica y Transporte\" width=\"500\" height=\"281\" src=\"https:\/\/www.youtube.com\/embed\/6zcbDJUN_xM?feature=oembed\" frameborder=\"0\" allow=\"accelerometer; autoplay; clipboard-write; encrypted-media; gyroscope; picture-in-picture; web-share\" referrerpolicy=\"strict-origin-when-cross-origin\" allowfullscreen><\/iframe><\/p>\n","protected":false},"excerpt":{"rendered":"<p>La unidad de negocio LAC Log\u00edstica y Transporte adquiri\u00f3 dos unidades que comenzar\u00e1n a operar pr\u00f3ximamente. Nuestra empresa contin\u00faa innovando en el transporte de combustibles con el objetivo de aumentar la eficiencia del servicio y como parte de nuestro compromiso con la seguridad vial. Es por eso que recientemente se adquirieron dos bitrenes, veh\u00edculos de [&hellip;]<\/p>\n","protected":false},"author":2,"featured_media":1967,"comment_status":"closed","ping_status":"closed","sticky":false,"template":"","format":"standard","meta":{"_acf_changed":false,"footnotes":""},"categories":[1,15],"tags":[],"class_list":["post-1955","post","type-post","status-publish","format-standard","has-post-thumbnail","hentry","category-novedades","category-novedades-de-logistica-y-transporte"],"acf":[],"_links":{"self":[{"href":"https:\/\/www.lac.com.ar\/website\/index.php?rest_route=\/wp\/v2\/posts\/1955","targetHints":{"allow":["GET"]}}],"collection":[{"href":"https:\/\/www.lac.com.ar\/website\/index.php?rest_route=\/wp\/v2\/posts"}],"about":[{"href":"https:\/\/www.lac.com.ar\/website\/index.php?rest_route=\/wp\/v2\/types\/post"}],"author":[{"embeddable":true,"href":"https:\/\/www.lac.com.ar\/website\/index.php?rest_route=\/wp\/v2\/users\/2"}],"replies":[{"embeddable":true,"href":"https:\/\/www.lac.com.ar\/website\/index.php?rest_route=%2Fwp%2Fv2%2Fcomments&post=1955"}],"version-history":[{"count":16,"href":"https:\/\/www.lac.com.ar\/website\/index.php?rest_route=\/wp\/v2\/posts\/1955\/revisions"}],"predecessor-version":[{"id":1985,"href":"https:\/\/www.lac.com.ar\/website\/index.php?rest_route=\/wp\/v2\/posts\/1955\/revisions\/1985"}],"wp:featuredmedia":[{"embeddable":true,"href":"https:\/\/www.lac.com.ar\/website\/index.php?rest_route=\/wp\/v2\/media\/1967"}],"wp:attachment":[{"href":"https:\/\/www.lac.com.ar\/website\/index.php?rest_route=%2Fwp%2Fv2%2Fmedia&parent=1955"}],"wp:term":[{"taxonomy":"category","embeddable":true,"href":"https:\/\/www.lac.com.ar\/website\/index.php?rest_route=%2Fwp%2Fv2%2Fcategories&post=1955"},{"taxonomy":"post_tag","embeddable":true,"href":"https:\/\/www.lac.com.ar\/website\/index.php?rest_route=%2Fwp%2Fv2%2Ftags&post=1955"}],"curies":[{"name":"wp","href":"https:\/\/api.w.org\/{rel}","templated":true}]}}