{"id":1818,"date":"2018-06-25T13:51:56","date_gmt":"2018-06-25T16:51:56","guid":{"rendered":"http:\/\/www.lac.com.ar\/website\/?p=1818"},"modified":"2018-06-25T15:40:43","modified_gmt":"2018-06-25T18:40:43","slug":"exitosa-capacitacion-para-estaciones-de-servicio-de-cordoba","status":"publish","type":"post","link":"https:\/\/www.lac.com.ar\/website\/?p=1818","title":{"rendered":"Exitosa capacitaci\u00f3n para nuestro equipo de estaciones de servicio de C\u00f3rdoba"},"content":{"rendered":"<p>M\u00e1s de 50 colaboradores de nuestra red de estaciones de servicio adquirieron herramientas para mejorar la atenci\u00f3n al p\u00fablico.<\/p>\n<p>El 14 y 15 de junio se llev\u00f3 a cabo en\u00a0la Estaci\u00f3n de Servicio YPF De\u00e1n Funes, un curso dirigido a nuestros colaboradores de estaciones de la provincia de C\u00f3rdoba.<\/p>\n<p>La capacitaci\u00f3n fue gestionada por LAC y dictada por personal de YPF. Los disertantes fueron <strong>Diego Zuleta<\/strong>, responsable de Formaci\u00f3n Comercial, y <strong>Facundo Su\u00e1rez<\/strong>, responsable de Seguridad.<\/p>\n\n\t\t<style type=\"text\/css\">\n\t\t\t#gallery-1 {\n\t\t\t\tmargin: auto;\n\t\t\t}\n\t\t\t#gallery-1 .gallery-item {\n\t\t\t\tfloat: left;\n\t\t\t\tmargin-top: 10px;\n\t\t\t\ttext-align: center;\n\t\t\t\twidth: 100%;\n\t\t\t}\n\t\t\t#gallery-1 img {\n\t\t\t\tborder: 2px solid #cfcfcf;\n\t\t\t}\n\t\t\t#gallery-1 .gallery-caption {\n\t\t\t\tmargin-left: 0;\n\t\t\t}\n\t\t\t\/* see gallery_shortcode() in wp-includes\/media.php *\/\n\t\t<\/style>\n\t\t<div id='gallery-1' class='gallery galleryid-1818 gallery-columns-1 gallery-size-full'><dl class='gallery-item'>\n\t\t\t<dt class='gallery-icon landscape'>\n\t\t\t\t<a href='https:\/\/www.lac.com.ar\/website\/?attachment_id=1820'><img loading=\"lazy\" decoding=\"async\" width=\"770\" height=\"460\" src=\"https:\/\/www.lac.com.ar\/website\/wp-content\/uploads\/2018\/06\/capacitacion1.jpeg\" class=\"attachment-full size-full\" alt=\"\" srcset=\"https:\/\/www.lac.com.ar\/website\/wp-content\/uploads\/2018\/06\/capacitacion1.jpeg 770w, https:\/\/www.lac.com.ar\/website\/wp-content\/uploads\/2018\/06\/capacitacion1-768x459.jpeg 768w\" sizes=\"auto, (max-width: 770px) 100vw, 770px\" \/><\/a>\n\t\t\t<\/dt><\/dl><br style=\"clear: both\" \/>\n\t\t<\/div>\n\n<p>El encuentro cont\u00f3 con la participaci\u00f3n de m\u00e1s de\u00a050 colaboradores, que adquirieron herramientas para enriquecer sus habilidades de atenci\u00f3n al p\u00fablico, y as\u00ed mejorar la experiencia que cada cliente tiene en nuestras estaciones de servicio.\u00a0 \u00a1Bravo por ellos y gracias por sumar sus ganas de aprender y mejorar!<\/p>\n<p>Agradecemos tambi\u00e9n a los profesionales de YPF que se acercaron a compartir con nuestra gente, sus conocimientos y experiencia.<\/p>\n\n\t\t<style type=\"text\/css\">\n\t\t\t#gallery-2 {\n\t\t\t\tmargin: auto;\n\t\t\t}\n\t\t\t#gallery-2 .gallery-item {\n\t\t\t\tfloat: left;\n\t\t\t\tmargin-top: 10px;\n\t\t\t\ttext-align: center;\n\t\t\t\twidth: 100%;\n\t\t\t}\n\t\t\t#gallery-2 img {\n\t\t\t\tborder: 2px solid #cfcfcf;\n\t\t\t}\n\t\t\t#gallery-2 .gallery-caption {\n\t\t\t\tmargin-left: 0;\n\t\t\t}\n\t\t\t\/* see gallery_shortcode() in wp-includes\/media.php *\/\n\t\t<\/style>\n\t\t<div id='gallery-2' class='gallery galleryid-1818 gallery-columns-1 gallery-size-full'><dl class='gallery-item'>\n\t\t\t<dt class='gallery-icon landscape'>\n\t\t\t\t<a href='https:\/\/www.lac.com.ar\/website\/?attachment_id=1819'><img loading=\"lazy\" decoding=\"async\" width=\"770\" height=\"460\" src=\"https:\/\/www.lac.com.ar\/website\/wp-content\/uploads\/2018\/06\/capaictacion3.jpeg\" class=\"attachment-full size-full\" alt=\"\" srcset=\"https:\/\/www.lac.com.ar\/website\/wp-content\/uploads\/2018\/06\/capaictacion3.jpeg 770w, https:\/\/www.lac.com.ar\/website\/wp-content\/uploads\/2018\/06\/capaictacion3-768x459.jpeg 768w\" sizes=\"auto, (max-width: 770px) 100vw, 770px\" \/><\/a>\n\t\t\t<\/dt><\/dl><br style=\"clear: both\" \/>\n\t\t<\/div>\n\n<p>&nbsp;<\/p>\n","protected":false},"excerpt":{"rendered":"<p>M\u00e1s de 50 colaboradores de nuestra red de estaciones de servicio adquirieron herramientas para mejorar la atenci\u00f3n al p\u00fablico. El 14 y 15 de junio se llev\u00f3 a cabo en\u00a0la Estaci\u00f3n de Servicio YPF De\u00e1n Funes, un curso dirigido a nuestros colaboradores de estaciones de la provincia de C\u00f3rdoba. La capacitaci\u00f3n fue gestionada por LAC [&hellip;]<\/p>\n","protected":false},"author":2,"featured_media":1819,"comment_status":"closed","ping_status":"closed","sticky":false,"template":"","format":"standard","meta":{"_acf_changed":false,"footnotes":""},"categories":[1],"tags":[],"class_list":["post-1818","post","type-post","status-publish","format-standard","has-post-thumbnail","hentry","category-novedades"],"acf":[],"_links":{"self":[{"href":"https:\/\/www.lac.com.ar\/website\/index.php?rest_route=\/wp\/v2\/posts\/1818","targetHints":{"allow":["GET"]}}],"collection":[{"href":"https:\/\/www.lac.com.ar\/website\/index.php?rest_route=\/wp\/v2\/posts"}],"about":[{"href":"https:\/\/www.lac.com.ar\/website\/index.php?rest_route=\/wp\/v2\/types\/post"}],"author":[{"embeddable":true,"href":"https:\/\/www.lac.com.ar\/website\/index.php?rest_route=\/wp\/v2\/users\/2"}],"replies":[{"embeddable":true,"href":"https:\/\/www.lac.com.ar\/website\/index.php?rest_route=%2Fwp%2Fv2%2Fcomments&post=1818"}],"version-history":[{"count":5,"href":"https:\/\/www.lac.com.ar\/website\/index.php?rest_route=\/wp\/v2\/posts\/1818\/revisions"}],"predecessor-version":[{"id":1826,"href":"https:\/\/www.lac.com.ar\/website\/index.php?rest_route=\/wp\/v2\/posts\/1818\/revisions\/1826"}],"wp:featuredmedia":[{"embeddable":true,"href":"https:\/\/www.lac.com.ar\/website\/index.php?rest_route=\/wp\/v2\/media\/1819"}],"wp:attachment":[{"href":"https:\/\/www.lac.com.ar\/website\/index.php?rest_route=%2Fwp%2Fv2%2Fmedia&parent=1818"}],"wp:term":[{"taxonomy":"category","embeddable":true,"href":"https:\/\/www.lac.com.ar\/website\/index.php?rest_route=%2Fwp%2Fv2%2Fcategories&post=1818"},{"taxonomy":"post_tag","embeddable":true,"href":"https:\/\/www.lac.com.ar\/website\/index.php?rest_route=%2Fwp%2Fv2%2Ftags&post=1818"}],"curies":[{"name":"wp","href":"https:\/\/api.w.org\/{rel}","templated":true}]}}