{"id":1042,"date":"2016-03-18T00:15:31","date_gmt":"2016-03-18T03:15:31","guid":{"rendered":"http:\/\/www.lac.com.ar\/website\/?p=1042"},"modified":"2016-03-29T00:28:18","modified_gmt":"2016-03-29T03:28:18","slug":"campana-de-salud-y-seguridad-ocupacional-en-nuestra-empresa","status":"publish","type":"post","link":"https:\/\/www.lac.com.ar\/website\/?p=1042","title":{"rendered":"Salud y seguridad ocupacional en nuestra empresa."},"content":{"rendered":"<p>Desde el mes de enero de este a\u00f1o, LAC trabaja en una campa\u00f1a junto a sus colaboradores para, en una primera etapa, informar y concientizar sobre el uso de EPP, Elementos \u00a0de Protecci\u00f3n Personal.<\/p>\n<p>Desde el \u00e1rea de Recursos Humanos, que tiene como gerente al\u00a0se\u00f1or <strong>Guillermo Brussa<\/strong>, se inici\u00f3 una serie de acciones con el objetivo de incrementar la seguridad y por lo tanto, preservar la salud de los colaboradores de la empresa.<\/p>\n<p>En una primera iniciativa, se distribuy\u00f3 informaci\u00f3n sobre el uso de elementos de protecci\u00f3n personal (EPP) junto con\u00a0los recibos de sueldos de todos los colaboradores de la empresa, que suman unos 200 destinatarios en total, pertenecientes a nuestra\u00a0Red de Estaciones de Servicio, Taller Mec\u00e1nico y los trabajadores de la <span style=\"color: #3366ff;\"><a style=\"color: #3366ff;\" href=\"https:\/\/www.lac.com.ar\/website\/?p=876\" target=\"_blank\">obra que lleva adelante LAC en el acceso a la ciudad de De\u00e1n Funes<\/a><\/span>, en el norte de la provincia de C\u00f3rdoba.<\/p>\n<p>A continuaci\u00f3n incluimos las im\u00e1genes del material entregado.<\/p>\n\n\t\t<style type=\"text\/css\">\n\t\t\t#gallery-1 {\n\t\t\t\tmargin: auto;\n\t\t\t}\n\t\t\t#gallery-1 .gallery-item {\n\t\t\t\tfloat: left;\n\t\t\t\tmargin-top: 10px;\n\t\t\t\ttext-align: center;\n\t\t\t\twidth: 100%;\n\t\t\t}\n\t\t\t#gallery-1 img {\n\t\t\t\tborder: 2px solid #cfcfcf;\n\t\t\t}\n\t\t\t#gallery-1 .gallery-caption {\n\t\t\t\tmargin-left: 0;\n\t\t\t}\n\t\t\t\/* see gallery_shortcode() in wp-includes\/media.php *\/\n\t\t<\/style>\n\t\t<div id='gallery-1' class='gallery galleryid-1042 gallery-columns-1 gallery-size-full'><dl class='gallery-item'>\n\t\t\t<dt class='gallery-icon landscape'>\n\t\t\t\t<a href='https:\/\/www.lac.com.ar\/website\/?attachment_id=1048'><img loading=\"lazy\" decoding=\"async\" width=\"970\" height=\"693\" src=\"https:\/\/www.lac.com.ar\/website\/wp-content\/uploads\/2016\/03\/SeguridadVolanteF.jpg\" class=\"attachment-full size-full\" alt=\"\" \/><\/a>\n\t\t\t<\/dt><\/dl><br style=\"clear: both\" \/>\n\t\t<\/div>\n\n\n\t\t<style type=\"text\/css\">\n\t\t\t#gallery-2 {\n\t\t\t\tmargin: auto;\n\t\t\t}\n\t\t\t#gallery-2 .gallery-item {\n\t\t\t\tfloat: left;\n\t\t\t\tmargin-top: 10px;\n\t\t\t\ttext-align: center;\n\t\t\t\twidth: 100%;\n\t\t\t}\n\t\t\t#gallery-2 img {\n\t\t\t\tborder: 2px solid #cfcfcf;\n\t\t\t}\n\t\t\t#gallery-2 .gallery-caption {\n\t\t\t\tmargin-left: 0;\n\t\t\t}\n\t\t\t\/* see gallery_shortcode() in wp-includes\/media.php *\/\n\t\t<\/style>\n\t\t<div id='gallery-2' class='gallery galleryid-1042 gallery-columns-1 gallery-size-full'><dl class='gallery-item'>\n\t\t\t<dt class='gallery-icon landscape'>\n\t\t\t\t<a href='https:\/\/www.lac.com.ar\/website\/?attachment_id=1047'><img loading=\"lazy\" decoding=\"async\" width=\"970\" height=\"693\" src=\"https:\/\/www.lac.com.ar\/website\/wp-content\/uploads\/2016\/03\/SeguridadVolanteD.jpg\" class=\"attachment-full size-full\" alt=\"\" \/><\/a>\n\t\t\t<\/dt><\/dl><br style=\"clear: both\" \/>\n\t\t<\/div>\n\n<p>Como parte de esta campa\u00f1a, durante 2016 se dictar\u00e1n tambi\u00e9n capacitaciones para nuestros equipos de trabajo\u00a0profundizando la tem\u00e1tica, a cargo de los ingenieros asesores en seguridad de LAC.<\/p>\n<p>La prioridad que le otorga LAC a estas acciones, queda expresado en lo expuesto por el gerente de Recursos Humanos. \u00a0<strong>Brussa<\/strong> sostiene que <em>\u00abel \u00e9xito de cualquier empresa depende de sus colaboradores, ya que son quienes d\u00eda a d\u00eda la ponen en marcha; y en este sentido queremos que LAC sea un ejemplo en seguridad y trabajaremos fuertemente\u00a0para lograrlo.\u00bb<\/em><\/p>\n<p>&nbsp;<\/p>\n","protected":false},"excerpt":{"rendered":"<p>Desde el mes de enero de este a\u00f1o, LAC trabaja en una campa\u00f1a junto a sus colaboradores para, en una primera etapa, informar y concientizar sobre el uso de EPP, Elementos \u00a0de Protecci\u00f3n Personal. Desde el \u00e1rea de Recursos Humanos, que tiene como gerente al\u00a0se\u00f1or Guillermo Brussa, se inici\u00f3 una serie de acciones con el [&hellip;]<\/p>\n","protected":false},"author":2,"featured_media":1050,"comment_status":"closed","ping_status":"closed","sticky":false,"template":"","format":"standard","meta":{"_acf_changed":false,"footnotes":""},"categories":[1],"tags":[],"class_list":["post-1042","post","type-post","status-publish","format-standard","has-post-thumbnail","hentry","category-novedades"],"acf":[],"_links":{"self":[{"href":"https:\/\/www.lac.com.ar\/website\/index.php?rest_route=\/wp\/v2\/posts\/1042","targetHints":{"allow":["GET"]}}],"collection":[{"href":"https:\/\/www.lac.com.ar\/website\/index.php?rest_route=\/wp\/v2\/posts"}],"about":[{"href":"https:\/\/www.lac.com.ar\/website\/index.php?rest_route=\/wp\/v2\/types\/post"}],"author":[{"embeddable":true,"href":"https:\/\/www.lac.com.ar\/website\/index.php?rest_route=\/wp\/v2\/users\/2"}],"replies":[{"embeddable":true,"href":"https:\/\/www.lac.com.ar\/website\/index.php?rest_route=%2Fwp%2Fv2%2Fcomments&post=1042"}],"version-history":[{"count":10,"href":"https:\/\/www.lac.com.ar\/website\/index.php?rest_route=\/wp\/v2\/posts\/1042\/revisions"}],"predecessor-version":[{"id":1056,"href":"https:\/\/www.lac.com.ar\/website\/index.php?rest_route=\/wp\/v2\/posts\/1042\/revisions\/1056"}],"wp:featuredmedia":[{"embeddable":true,"href":"https:\/\/www.lac.com.ar\/website\/index.php?rest_route=\/wp\/v2\/media\/1050"}],"wp:attachment":[{"href":"https:\/\/www.lac.com.ar\/website\/index.php?rest_route=%2Fwp%2Fv2%2Fmedia&parent=1042"}],"wp:term":[{"taxonomy":"category","embeddable":true,"href":"https:\/\/www.lac.com.ar\/website\/index.php?rest_route=%2Fwp%2Fv2%2Fcategories&post=1042"},{"taxonomy":"post_tag","embeddable":true,"href":"https:\/\/www.lac.com.ar\/website\/index.php?rest_route=%2Fwp%2Fv2%2Ftags&post=1042"}],"curies":[{"name":"wp","href":"https:\/\/api.w.org\/{rel}","templated":true}]}}